{"id":234,"date":"2026-01-27T17:58:32","date_gmt":"2026-01-27T16:58:32","guid":{"rendered":"https:\/\/aikido-lyon.org\/adh4\/?p=234"},"modified":"2026-01-27T18:23:54","modified_gmt":"2026-01-27T17:23:54","slug":"les-40-ans-de-laikikai-de-lyon","status":"publish","type":"post","link":"https:\/\/aikido-lyon.org\/adh4\/2026\/01\/27\/les-40-ans-de-laikikai-de-lyon\/","title":{"rendered":"Les 40 ans de l&rsquo;A\u00efkika\u00ef de Lyon"},"content":{"rendered":"\n<h2 class=\"wp-block-heading\">Les 40 ans de l&rsquo;A\u00efkika\u00ef de Lyon<\/h2>\n\n\n\n<p>Samedi 5 avril 2025, au dojo Tronchet, le club a f\u00eat\u00e9 ses 40 ans d\u2019existence, plus pr\u00e9cis\u00e9ment ses 41 ans puisque les cours ont en fait d\u00e9but\u00e9 en janvier 1984 dans un petit gymnase municipal du 6\u00e8me arrondissement, au 55 rue Tronchet, pas loin d\u2019ici et aujourd\u2019hui disparu. Cet \u00e9tablissement ferma moins d\u2019un an apr\u00e8s, ce qui a bien failli signer la fin du club. Heureusement, nous avons pu louer des heures dans un dojo universitaire \u00e0 la Doua, dans lequel nous avons d\u2019ailleurs conserv\u00e9 l\u2019une des deux s\u00e9ances.<\/p>\n\n\n\n<p>En 1985, le club a pu revenir dans le 6\u00e8me arrondissement et s\u2019installer \u00e0 titre gracieux dans ce dojo o\u00f9 il \u0153uvre encore aujourd\u2019hui et o\u00f9 il a pu initier ou former \u00e0 l\u2019a\u00efkido plus d\u2019un millier de personnes, dont quelques-unes enseignent \u00e0 leur tour, ici ou ailleurs.<\/p>\n\n\n\n<p>Le but de cette journ\u00e9e \u00e9tait de faire se rencontrer sur le tatami des pratiquants qui ne se connaissent pas forc\u00e9ment \u00e9tant donn\u00e9 la r\u00e9partition des nombreux cours dans la semaine, et donc aussi de leur faire conna\u00eetre l\u2019enseignement des sept professeurs. Ceux-ci se sont relay\u00e9s tout au long de cette journ\u00e9e pour diriger \u00e0 tour de r\u00f4le des sessions d\u2019une dur\u00e9e de 40 mn chacune, matin et apr\u00e8s-midi.<\/p>\n\n\n\n<p>Le matin, 33 pratiquants du club en plus des professeurs \u00e9taient pr\u00e9sents. Les pratiquants de \u00efa\u00efdo du club UNSUI, dont Marion, ancienne enseignante de l\u2019A\u00efkika\u00ef de Lyon, \u00e9taient invit\u00e9s au dernier cours de la matin\u00e9e. L\u2019apr\u00e8s-midi a vu presque la m\u00eame affluence et une vingtaine de personnes, famille, amis, dont Jacques, ancien enseignant du club, sont venus assister \u00e0 la derni\u00e8re partie de cette journ\u00e9e. Dans le public, \u00e9taient pr\u00e9sents en tant qu\u2019invit\u00e9s d\u2019honneur Monsieur Christian TERMOZ-MAZAN, 1er adjoint au maire du 6\u00b0, d\u00e9l\u00e9gu\u00e9 aux sports et aux relations internationales, ainsi que Monsieur Romain MONNIER, directeur du complexe Tronchet. Monsieur Pascal BLACHE, maire du 6\u00b0, n\u2019a pu se joindre \u00e0 nous.<\/p>\n\n\n\n<p>Apr\u00e8s le septi\u00e8me et dernier cours, cette journ\u00e9e se termina au dojo par une petite d\u00e9monstration de Renaud AVENAS, Philippe MONTAGNIER et G\u00e9rald POLAT.<\/p>\n\n\n\n<p>Et enfin, eut lieu la traditionnelle \u00ab soir\u00e9e restaurant \u00bb r\u00e9serv\u00e9e aux adh\u00e9rents. Elle cl\u00f4tura cette comm\u00e9moration des 40 ans.<\/p>\n\n\n\n<blockquote class=\"wp-block-quote is-layout-flow wp-block-quote-is-layout-flow\">\n<p>Extrait du discours de cl\u00f4ture de G\u00e9rald POLAT, fondateur du club:<\/p>\n\n\n\n<p>Je me dois bien s\u00fbr, en cette occasion, de rendre un hommage \u00e9mu aux nombreux b\u00e9n\u00e9voles, qu\u2019ils soient administrateurs ou enseignants, qui se sont succ\u00e9d\u00e9s pendant toutes ces d\u00e9cennies pour faire vivre le club. Je ne vais pas en faire la liste, ce serai trop long et, de toute fa\u00e7on, je suis persuad\u00e9 que nos adh\u00e9rents sont bien conscients de ce qu\u2019ils h\u00e9ritent du pass\u00e9. Il faut savoir que ces anciens \u00e9taient tous des pratiquants : pas de bureaucratie, donc, mais des gens d\u00e9vou\u00e9s et, je le r\u00e9p\u00e8te, tous b\u00e9n\u00e9voles. Le club continue d\u2019ailleurs \u00e0 ne fonctionner qu\u2019avec des b\u00e9n\u00e9voles.<\/p>\n\n\n\n<p>De ces temps les plus anciens, sont rest\u00e9s, outre moi-m\u00eame, Patrick RAPPILLARD, au club depuis 1986, qui a \u00e9t\u00e9 notre pr\u00e9sident pendant vingt ans, et Philippe que j\u2019ai pr\u00e9sent\u00e9 tout \u00e0 l\u2019heure. J\u2019en profite pour les remercier, tous les deux, en toute amiti\u00e9, de leur pers\u00e9v\u00e9rance et de leur fid\u00e9lit\u00e9.<\/p>\n\n\n\n<p>Parlons maintenant un peu de l\u2019avenir\u2026<\/p>\n\n\n\n<p>Je souhaite, pour notre club, qu\u2019il continue, sous sa forme ou sous une autre, toujours dans ce dojo si possible, de perp\u00e9tuer un enseignement conforme aux principes de l\u2019a\u00efkido, tels qu\u2019ils nous ont \u00e9t\u00e9 transmis par les divers ma\u00eetres venus du centre mondial de Tokyo. Je pense surtout \u00e0 Me TAMURA, 8\u00b0 Dan, l\u2019un des prestigieux \u00e9l\u00e8ves du fondateur de l\u2019a\u00efkido, envoy\u00e9 en France dans les ann\u00e9es 60, h\u00e9las d\u00e9c\u00e9d\u00e9 il y a quinze ans.<\/p>\n\n\n\n<p>Le respect de la tradition \u2013 et ici je me permets d\u2019introduire deux citations : \u00ab la tradition n\u2019est pas le culte des cendres mais la pr\u00e9servation du feu \u00bb (Jean Jaur\u00e8s), \u00ab le d\u00e9sir de vivre ensemble, la volont\u00e9 de continuer \u00e0 faire valoir l\u2019h\u00e9ritage qu\u2019on a re\u00e7u indivis \u00bb (Ernest Renan) \u2013 le respect de la tradition, donc, nous guide dans notre pratique. L\u2019important est de construire et de fortifier sans cesse des liens humains harmonieux au sein du club et en dehors.<\/p>\n\n\n\n<p>Puisque je parle de respect, je voudrais faire une parenth\u00e8se \u00e0 propos de cet aspect extr\u00eamement important de l\u2019a\u00efkido :<\/p>\n\n\n\n<p>A chaque entra\u00eenement, nous respectons la m\u00e9moire du fondateur et des anciens qui ont transmis de cette discipline, nous respectons l\u2019\u00e9tiquette, la mani\u00e8re de nous conduire dans le dojo et avec les autres pratiquants, nous respectons nos partenaires, et bien entendu nos \u00e9l\u00e8ves quand nous enseignons. On pourrait dire que l\u2019a\u00efkido constitue en lui-m\u00eame une \u00e9cole du respect. Il nous apprend le respect de l\u2019autre, en g\u00e9n\u00e9ral.<\/p>\n\n\n\n<p>C\u2019est pourquoi, lorsque l\u2019ann\u00e9e derni\u00e8re nous avons \u00e9t\u00e9 somm\u00e9s par la Ville de Lyon de suivre des formations \u00e0 la lutte contre les violences sexistes et sexuelles, sous peine de voir nos cr\u00e9neaux horaires supprim\u00e9s, nous avons eu le sentiment tr\u00e8s net d\u2019\u00eatre infantilis\u00e9s par le fait de recevoir des le\u00e7ons de respect de la part d\u2019associations pas plus l\u00e9gitimes que nous en la mati\u00e8re. La Ville de Lyon aurait pu montrer \u00e0 cette occasion plus de tact et de respect envers les clubs sportifs&#8230;<\/p>\n\n\n\n<p>Pour revenir au futur, en ce qui me concerne, je souhaite bien s\u00fbr pouvoir accompagner le club encore quelque temps, et transmettre le plus fid\u00e8lement possible ce que je crois \u00eatre l\u2019un des plus beaux arts martiaux qu&rsquo;il m&rsquo;a \u00e9t\u00e9 permis de conna\u00eetre.<\/p>\n<\/blockquote>\n","protected":false},"excerpt":{"rendered":"<p>Les 40 ans de l&rsquo;A\u00efkika\u00ef de Lyon Samedi 5 avril 2025, au dojo Tronchet, le club a f\u00eat\u00e9 ses 40 ans d\u2019existence, plus pr\u00e9cis\u00e9ment ses 41 ans puisque les cours ont en fait d\u00e9but\u00e9 en janvier 1984 dans un petit gymnase municipal du 6\u00e8me arrondissement, au 55 rue Tronchet, pas loin d\u2019ici et aujourd\u2019hui disparu. [&hellip;]<\/p>\n","protected":false},"author":1,"featured_media":0,"comment_status":"closed","ping_status":"closed","sticky":false,"template":"","format":"standard","meta":{"footnotes":""},"categories":[6],"tags":[],"class_list":["post-234","post","type-post","status-publish","format-standard","hentry","category-vie-du-club"],"_links":{"self":[{"href":"https:\/\/aikido-lyon.org\/adh4\/wp-json\/wp\/v2\/posts\/234","targetHints":{"allow":["GET"]}}],"collection":[{"href":"https:\/\/aikido-lyon.org\/adh4\/wp-json\/wp\/v2\/posts"}],"about":[{"href":"https:\/\/aikido-lyon.org\/adh4\/wp-json\/wp\/v2\/types\/post"}],"author":[{"embeddable":true,"href":"https:\/\/aikido-lyon.org\/adh4\/wp-json\/wp\/v2\/users\/1"}],"replies":[{"embeddable":true,"href":"https:\/\/aikido-lyon.org\/adh4\/wp-json\/wp\/v2\/comments?post=234"}],"version-history":[{"count":4,"href":"https:\/\/aikido-lyon.org\/adh4\/wp-json\/wp\/v2\/posts\/234\/revisions"}],"predecessor-version":[{"id":239,"href":"https:\/\/aikido-lyon.org\/adh4\/wp-json\/wp\/v2\/posts\/234\/revisions\/239"}],"wp:attachment":[{"href":"https:\/\/aikido-lyon.org\/adh4\/wp-json\/wp\/v2\/media?parent=234"}],"wp:term":[{"taxonomy":"category","embeddable":true,"href":"https:\/\/aikido-lyon.org\/adh4\/wp-json\/wp\/v2\/categories?post=234"},{"taxonomy":"post_tag","embeddable":true,"href":"https:\/\/aikido-lyon.org\/adh4\/wp-json\/wp\/v2\/tags?post=234"}],"curies":[{"name":"wp","href":"https:\/\/api.w.org\/{rel}","templated":true}]}}