{"id":228,"date":"2025-09-12T11:30:46","date_gmt":"2025-09-12T09:30:46","guid":{"rendered":"https:\/\/aikido-lyon.org\/adh4\/?p=228"},"modified":"2025-09-12T11:31:04","modified_gmt":"2025-09-12T09:31:04","slug":"fermeture-du-dojo","status":"publish","type":"post","link":"https:\/\/aikido-lyon.org\/adh4\/2025\/09\/12\/fermeture-du-dojo\/","title":{"rendered":"Fermeture du Dojo"},"content":{"rendered":"\n<p>Le dojo rue Tronchet sera ferm\u00e9 suite \u00e0 une gr\u00e8ve du personnel le jeudi 11\/09\/2025 et le vendredi 12\/09\/2025. Par cons\u00e9quence, les cours sont annul\u00e9s sur ces jours.<\/p>\n","protected":false},"excerpt":{"rendered":"<p>Le dojo rue Tronchet sera ferm\u00e9 suite \u00e0 une gr\u00e8ve du personnel le jeudi 11\/09\/2025 et le vendredi 12\/09\/2025. Par cons\u00e9quence, les cours sont annul\u00e9s sur ces jours.<\/p>\n","protected":false},"author":1,"featured_media":0,"comment_status":"closed","ping_status":"closed","sticky":false,"template":"","format":"standard","meta":{"footnotes":""},"categories":[4],"tags":[],"class_list":["post-228","post","type-post","status-publish","format-standard","hentry","category-news"],"_links":{"self":[{"href":"https:\/\/aikido-lyon.org\/adh4\/wp-json\/wp\/v2\/posts\/228","targetHints":{"allow":["GET"]}}],"collection":[{"href":"https:\/\/aikido-lyon.org\/adh4\/wp-json\/wp\/v2\/posts"}],"about":[{"href":"https:\/\/aikido-lyon.org\/adh4\/wp-json\/wp\/v2\/types\/post"}],"author":[{"embeddable":true,"href":"https:\/\/aikido-lyon.org\/adh4\/wp-json\/wp\/v2\/users\/1"}],"replies":[{"embeddable":true,"href":"https:\/\/aikido-lyon.org\/adh4\/wp-json\/wp\/v2\/comments?post=228"}],"version-history":[{"count":1,"href":"https:\/\/aikido-lyon.org\/adh4\/wp-json\/wp\/v2\/posts\/228\/revisions"}],"predecessor-version":[{"id":229,"href":"https:\/\/aikido-lyon.org\/adh4\/wp-json\/wp\/v2\/posts\/228\/revisions\/229"}],"wp:attachment":[{"href":"https:\/\/aikido-lyon.org\/adh4\/wp-json\/wp\/v2\/media?parent=228"}],"wp:term":[{"taxonomy":"category","embeddable":true,"href":"https:\/\/aikido-lyon.org\/adh4\/wp-json\/wp\/v2\/categories?post=228"},{"taxonomy":"post_tag","embeddable":true,"href":"https:\/\/aikido-lyon.org\/adh4\/wp-json\/wp\/v2\/tags?post=228"}],"curies":[{"name":"wp","href":"https:\/\/api.w.org\/{rel}","templated":true}]}}