{"id":195,"date":"2025-09-10T13:25:01","date_gmt":"2025-09-10T11:25:01","guid":{"rendered":"https:\/\/aikido-lyon.org\/adh4\/?p=195"},"modified":"2025-09-10T13:25:01","modified_gmt":"2025-09-10T11:25:01","slug":"reprise-des-cours-2025-2026","status":"publish","type":"post","link":"https:\/\/aikido-lyon.org\/adh4\/2025\/09\/10\/reprise-des-cours-2025-2026\/","title":{"rendered":"Reprise des cours 2025\/2026"},"content":{"rendered":"\n<figure class=\"wp-block-image size-full\"><img loading=\"lazy\" decoding=\"async\" width=\"1240\" height=\"450\" src=\"https:\/\/aikido-lyon.org\/adh4\/wp-content\/uploads\/2025\/09\/groupe-reprise.jpg\" alt=\"\" class=\"wp-image-196\"\/><\/figure>\n\n\n\n<h3 class=\"wp-block-heading\">Reprise des cours le 04\/09\/25<\/h3>\n\n\n\n<p>Bonjour \u00e0 toutes et \u00e0 tous,<\/p>\n\n\n\n<p>J&rsquo;esp\u00e8re que tout le monde se porte bien, ainsi que vos proches.<\/p>\n\n\n\n<p>La reprise des cours est fix\u00e9e :<\/p>\n\n\n\n<ul class=\"wp-block-list\">\n<li>le\u00a0<strong>jeudi\u00a004 septembre 2025<\/strong>\u00a0pour les cours au dojo rue tronchet.<\/li>\n\n\n\n<li>le\u00a0<strong>lundi 15 septembre 2025<\/strong>\u00a0pour les cours dojo SIUAPS.\u00a0\u00a0<\/li>\n<\/ul>\n\n\n\n<p>Pour le cours du&nbsp;<strong>lundi soir au SIUAPS<\/strong>, il n&rsquo;y a pas de changement par rapport aux ann\u00e9es pr\u00e9c\u00e9dentes le cours est toujours de&nbsp;<strong>20 \u00e0 22h<\/strong>.<\/p>\n\n\n\n<p>Concernant le&nbsp;<strong>complexe TRONCHE<\/strong>T<\/p>\n\n\n\n<ul class=\"wp-block-list\">\n<li><strong>Lundi et Jeudi, de 12h-14h<\/strong><\/li>\n\n\n\n<li><strong>Mardi, 20h-22h<\/strong><\/li>\n\n\n\n<li><strong>Jeudi, 18h30-20h (Adolescents)<\/strong><\/li>\n\n\n\n<li><strong>Vendredi, 18h30-20h<\/strong><\/li>\n\n\n\n<li><strong>Samedi, 10h-12h<\/strong><\/li>\n<\/ul>\n\n\n\n<p>Bon retour sur les tatamis \u00e0 tous !<\/p>\n\n\n\n<p><\/p>\n","protected":false},"excerpt":{"rendered":"<p>Reprise des cours le 04\/09\/25 Bonjour \u00e0 toutes et \u00e0 tous, J&rsquo;esp\u00e8re que tout le monde se porte bien, ainsi que vos proches. La reprise des cours est fix\u00e9e : Pour le cours du&nbsp;lundi soir au SIUAPS, il n&rsquo;y a pas de changement par rapport aux ann\u00e9es pr\u00e9c\u00e9dentes le cours est toujours de&nbsp;20 \u00e0 22h. [&hellip;]<\/p>\n","protected":false},"author":1,"featured_media":0,"comment_status":"closed","ping_status":"closed","sticky":false,"template":"","format":"standard","meta":{"footnotes":""},"categories":[4],"tags":[],"class_list":["post-195","post","type-post","status-publish","format-standard","hentry","category-news"],"_links":{"self":[{"href":"https:\/\/aikido-lyon.org\/adh4\/wp-json\/wp\/v2\/posts\/195","targetHints":{"allow":["GET"]}}],"collection":[{"href":"https:\/\/aikido-lyon.org\/adh4\/wp-json\/wp\/v2\/posts"}],"about":[{"href":"https:\/\/aikido-lyon.org\/adh4\/wp-json\/wp\/v2\/types\/post"}],"author":[{"embeddable":true,"href":"https:\/\/aikido-lyon.org\/adh4\/wp-json\/wp\/v2\/users\/1"}],"replies":[{"embeddable":true,"href":"https:\/\/aikido-lyon.org\/adh4\/wp-json\/wp\/v2\/comments?post=195"}],"version-history":[{"count":1,"href":"https:\/\/aikido-lyon.org\/adh4\/wp-json\/wp\/v2\/posts\/195\/revisions"}],"predecessor-version":[{"id":197,"href":"https:\/\/aikido-lyon.org\/adh4\/wp-json\/wp\/v2\/posts\/195\/revisions\/197"}],"wp:attachment":[{"href":"https:\/\/aikido-lyon.org\/adh4\/wp-json\/wp\/v2\/media?parent=195"}],"wp:term":[{"taxonomy":"category","embeddable":true,"href":"https:\/\/aikido-lyon.org\/adh4\/wp-json\/wp\/v2\/categories?post=195"},{"taxonomy":"post_tag","embeddable":true,"href":"https:\/\/aikido-lyon.org\/adh4\/wp-json\/wp\/v2\/tags?post=195"}],"curies":[{"name":"wp","href":"https:\/\/api.w.org\/{rel}","templated":true}]}}